{"id":5914,"date":"2025-03-24T12:27:01","date_gmt":"2025-03-24T11:27:01","guid":{"rendered":"https:\/\/olimpiadasrm.fseneca.es\/?p=5914"},"modified":"2025-03-24T12:27:01","modified_gmt":"2025-03-24T11:27:01","slug":"lxi-olimpiada-matematica-espanola-2025","status":"publish","type":"post","link":"https:\/\/olimpiadasrm.fseneca.es\/?p=5914","title":{"rendered":"LXI Olimpiada Matem\u00e1tica Espa\u00f1ola 2025"},"content":{"rendered":"<p>El 19 de febrero, se celebr\u00f3 la entrega de premios de la LXI Olimpiada de Matem\u00e1ticas 2025 en el Sal\u00f3n de Actos \u00abIsaac Peral\u00bb de (UPCT).\u00a0Entre los premiados se encuentran algunos de los mejores estudiantes de la Regi\u00f3n de Murcia, como Jaime Romero, de 2\u00ba de Bach. del IES Alfonso X el Sabio, Daniel Valles, de 2\u00ba de\u00a0Bach del IES Mar Menor, y Daniele Bagnaschi, de 2\u00ba de\u00a0Bach. en el Colegio La Sagrada Familia. Estos talentosos j\u00f3venes representar\u00e1n a nuestra regi\u00f3n en la Fase Nacional de la Olimpiada, que se celebrar\u00e1 del 27 al 30 de marzo de 2025 en Gij\u00f3n, Asturias.<br \/>\n\u00a1Les deseamos mucha suerte en la Fase Nacional y que sigan brillando con su esfuerzo y dedicaci\u00f3n!<br \/>\n\u00a0<\/p>\n","protected":false},"excerpt":{"rendered":"<p>El 19 de febrero, se celebr\u00f3 la entrega de premios de la LXI Olimpiada de Matem\u00e1ticas 2025 en el Sal\u00f3n de Actos \u00abIsaac Peral\u00bb de (UPCT).\u00a0Entre los premiados se encuentran algunos de los mejores estudiantes de la Regi\u00f3n de Murcia, como Jaime Romero, de 2\u00ba de Bach. del IES Alfonso X el Sabio, Daniel Valles, [&hellip;]<\/p>\n","protected":false},"author":1,"featured_media":0,"comment_status":"open","ping_status":"open","sticky":false,"template":"","format":"standard","meta":{"_acf_changed":false,"footnotes":""},"categories":[4],"tags":[],"acf":[],"aioseo_notices":[],"_links":{"self":[{"href":"https:\/\/olimpiadasrm.fseneca.es\/index.php?rest_route=\/wp\/v2\/posts\/5914"}],"collection":[{"href":"https:\/\/olimpiadasrm.fseneca.es\/index.php?rest_route=\/wp\/v2\/posts"}],"about":[{"href":"https:\/\/olimpiadasrm.fseneca.es\/index.php?rest_route=\/wp\/v2\/types\/post"}],"author":[{"embeddable":true,"href":"https:\/\/olimpiadasrm.fseneca.es\/index.php?rest_route=\/wp\/v2\/users\/1"}],"replies":[{"embeddable":true,"href":"https:\/\/olimpiadasrm.fseneca.es\/index.php?rest_route=%2Fwp%2Fv2%2Fcomments&post=5914"}],"version-history":[{"count":0,"href":"https:\/\/olimpiadasrm.fseneca.es\/index.php?rest_route=\/wp\/v2\/posts\/5914\/revisions"}],"wp:attachment":[{"href":"https:\/\/olimpiadasrm.fseneca.es\/index.php?rest_route=%2Fwp%2Fv2%2Fmedia&parent=5914"}],"wp:term":[{"taxonomy":"category","embeddable":true,"href":"https:\/\/olimpiadasrm.fseneca.es\/index.php?rest_route=%2Fwp%2Fv2%2Fcategories&post=5914"},{"taxonomy":"post_tag","embeddable":true,"href":"https:\/\/olimpiadasrm.fseneca.es\/index.php?rest_route=%2Fwp%2Fv2%2Ftags&post=5914"}],"curies":[{"name":"wp","href":"https:\/\/api.w.org\/{rel}","templated":true}]}}