{"id":5917,"date":"2025-03-24T12:27:01","date_gmt":"2025-03-24T11:27:01","guid":{"rendered":"https:\/\/olimpiadasrm.fseneca.es\/?p=5917"},"modified":"2025-03-24T12:27:01","modified_gmt":"2025-03-24T11:27:01","slug":"la-fundacion-seneca-fomentara-las-carreras-stem-con-22-olimpiadas-cientificas-en-2025","status":"publish","type":"post","link":"https:\/\/olimpiadasrm.fseneca.es\/?p=5917","title":{"rendered":"La Fundaci\u00f3n S\u00e9neca fomentar\u00e1 las carreras STEM con 22 Olimpiadas Cient\u00edficas en 2025"},"content":{"rendered":"<p>As\u00ed lo ha desvelado el consejero Juan Mar\u00eda V\u00e1zquez durante el acto de reconocimiento a parte de los 24 alumnos de la Regi\u00f3n que este a\u00f1o han obtenido medalla, diploma o menci\u00f3n de honor en las fases nacionales e internacionales de las Olimpiadas de F\u00edsica, Matem\u00e1ticas, Biolog\u00eda, Inform\u00e1tica, Telecomunicaciones, Qu\u00edmica y Filosof\u00eda. <\/p>\n","protected":false},"excerpt":{"rendered":"<p>As\u00ed lo ha desvelado el consejero Juan Mar\u00eda V\u00e1zquez durante el acto de reconocimiento a parte de los 24 alumnos de la Regi\u00f3n que este a\u00f1o han obtenido medalla, diploma o menci\u00f3n de honor en las fases nacionales e internacionales de las Olimpiadas de F\u00edsica, Matem\u00e1ticas, Biolog\u00eda, Inform\u00e1tica, Telecomunicaciones, Qu\u00edmica y Filosof\u00eda.<\/p>\n","protected":false},"author":1,"featured_media":5918,"comment_status":"open","ping_status":"open","sticky":false,"template":"","format":"standard","meta":{"_acf_changed":false,"footnotes":""},"categories":[1],"tags":[],"acf":[],"aioseo_notices":[],"_links":{"self":[{"href":"https:\/\/olimpiadasrm.fseneca.es\/index.php?rest_route=\/wp\/v2\/posts\/5917"}],"collection":[{"href":"https:\/\/olimpiadasrm.fseneca.es\/index.php?rest_route=\/wp\/v2\/posts"}],"about":[{"href":"https:\/\/olimpiadasrm.fseneca.es\/index.php?rest_route=\/wp\/v2\/types\/post"}],"author":[{"embeddable":true,"href":"https:\/\/olimpiadasrm.fseneca.es\/index.php?rest_route=\/wp\/v2\/users\/1"}],"replies":[{"embeddable":true,"href":"https:\/\/olimpiadasrm.fseneca.es\/index.php?rest_route=%2Fwp%2Fv2%2Fcomments&post=5917"}],"version-history":[{"count":0,"href":"https:\/\/olimpiadasrm.fseneca.es\/index.php?rest_route=\/wp\/v2\/posts\/5917\/revisions"}],"wp:featuredmedia":[{"embeddable":true,"href":"https:\/\/olimpiadasrm.fseneca.es\/index.php?rest_route=\/wp\/v2\/media\/5918"}],"wp:attachment":[{"href":"https:\/\/olimpiadasrm.fseneca.es\/index.php?rest_route=%2Fwp%2Fv2%2Fmedia&parent=5917"}],"wp:term":[{"taxonomy":"category","embeddable":true,"href":"https:\/\/olimpiadasrm.fseneca.es\/index.php?rest_route=%2Fwp%2Fv2%2Fcategories&post=5917"},{"taxonomy":"post_tag","embeddable":true,"href":"https:\/\/olimpiadasrm.fseneca.es\/index.php?rest_route=%2Fwp%2Fv2%2Ftags&post=5917"}],"curies":[{"name":"wp","href":"https:\/\/api.w.org\/{rel}","templated":true}]}}