{"id":5970,"date":"2025-03-24T12:27:23","date_gmt":"2025-03-24T11:27:23","guid":{"rendered":"https:\/\/olimpiadasrm.fseneca.es\/?p=5970"},"modified":"2025-03-24T12:27:23","modified_gmt":"2025-03-24T11:27:23","slug":"ultimos-dias-para-la-inscripcion-en-las-xii-olimpiada-agroalimentaria-y-agroambiental-para-estudiantes-de-eso-y-bachillerato","status":"publish","type":"post","link":"https:\/\/olimpiadasrm.fseneca.es\/?p=5970","title":{"rendered":"\u00daltimos d\u00edas para la inscripci\u00f3n en las XII Olimpiada Agroalimentaria y Agroambiental para estudiantes de ESO y Bachillerato"},"content":{"rendered":"","protected":false},"excerpt":{"rendered":"","protected":false},"author":1,"featured_media":5971,"comment_status":"open","ping_status":"open","sticky":false,"template":"","format":"standard","meta":{"_acf_changed":false,"footnotes":""},"categories":[5],"tags":[],"acf":[],"aioseo_notices":[],"_links":{"self":[{"href":"https:\/\/olimpiadasrm.fseneca.es\/index.php?rest_route=\/wp\/v2\/posts\/5970"}],"collection":[{"href":"https:\/\/olimpiadasrm.fseneca.es\/index.php?rest_route=\/wp\/v2\/posts"}],"about":[{"href":"https:\/\/olimpiadasrm.fseneca.es\/index.php?rest_route=\/wp\/v2\/types\/post"}],"author":[{"embeddable":true,"href":"https:\/\/olimpiadasrm.fseneca.es\/index.php?rest_route=\/wp\/v2\/users\/1"}],"replies":[{"embeddable":true,"href":"https:\/\/olimpiadasrm.fseneca.es\/index.php?rest_route=%2Fwp%2Fv2%2Fcomments&post=5970"}],"version-history":[{"count":0,"href":"https:\/\/olimpiadasrm.fseneca.es\/index.php?rest_route=\/wp\/v2\/posts\/5970\/revisions"}],"wp:featuredmedia":[{"embeddable":true,"href":"https:\/\/olimpiadasrm.fseneca.es\/index.php?rest_route=\/wp\/v2\/media\/5971"}],"wp:attachment":[{"href":"https:\/\/olimpiadasrm.fseneca.es\/index.php?rest_route=%2Fwp%2Fv2%2Fmedia&parent=5970"}],"wp:term":[{"taxonomy":"category","embeddable":true,"href":"https:\/\/olimpiadasrm.fseneca.es\/index.php?rest_route=%2Fwp%2Fv2%2Fcategories&post=5970"},{"taxonomy":"post_tag","embeddable":true,"href":"https:\/\/olimpiadasrm.fseneca.es\/index.php?rest_route=%2Fwp%2Fv2%2Ftags&post=5970"}],"curies":[{"name":"wp","href":"https:\/\/api.w.org\/{rel}","templated":true}]}}