{"id":5993,"date":"2025-03-24T12:27:29","date_gmt":"2025-03-24T11:27:29","guid":{"rendered":"https:\/\/olimpiadasrm.fseneca.es\/?p=5993"},"modified":"2025-03-24T12:27:29","modified_gmt":"2025-03-24T11:27:29","slug":"final-de-la-vi-olimpiada-de-arquitectura-make-cool-your-school","status":"publish","type":"post","link":"https:\/\/olimpiadasrm.fseneca.es\/?p=5993","title":{"rendered":"Final de la VI Olimpiada de Arquitectura \u2018Make Cool Your School!"},"content":{"rendered":"<p>Los ocho equipos finalistas participantes en la VI Olimpiada de Arquitectura de la Regi\u00f3n de Murcia , \u2018Make Cool Your School!\u2019, expondr\u00e1n ma\u00f1ana en el sal\u00f3n de actos del edificio Edificio CIM, ETSAE-UPCT, sus proyectos para mejoras arquitect\u00f3nicas y transformaci\u00f3n de los espacios de los centros educativos. Entre los ocho finalistas, habr\u00e1 una medalla de oro, plata y bronce.<\/p>\n","protected":false},"excerpt":{"rendered":"<p>Los ocho equipos finalistas participantes en la VI Olimpiada de Arquitectura de la Regi\u00f3n de Murcia , \u2018Make Cool Your School!\u2019, expondr\u00e1n ma\u00f1ana en el sal\u00f3n de actos del edificio Edificio CIM, ETSAE-UPCT, sus proyectos para mejoras arquitect\u00f3nicas y transformaci\u00f3n de los espacios de los centros educativos. Entre los ocho finalistas, habr\u00e1 una medalla de [&hellip;]<\/p>\n","protected":false},"author":1,"featured_media":5994,"comment_status":"open","ping_status":"open","sticky":false,"template":"","format":"standard","meta":{"_acf_changed":false,"footnotes":""},"categories":[5],"tags":[],"acf":[],"aioseo_notices":[],"_links":{"self":[{"href":"https:\/\/olimpiadasrm.fseneca.es\/index.php?rest_route=\/wp\/v2\/posts\/5993"}],"collection":[{"href":"https:\/\/olimpiadasrm.fseneca.es\/index.php?rest_route=\/wp\/v2\/posts"}],"about":[{"href":"https:\/\/olimpiadasrm.fseneca.es\/index.php?rest_route=\/wp\/v2\/types\/post"}],"author":[{"embeddable":true,"href":"https:\/\/olimpiadasrm.fseneca.es\/index.php?rest_route=\/wp\/v2\/users\/1"}],"replies":[{"embeddable":true,"href":"https:\/\/olimpiadasrm.fseneca.es\/index.php?rest_route=%2Fwp%2Fv2%2Fcomments&post=5993"}],"version-history":[{"count":0,"href":"https:\/\/olimpiadasrm.fseneca.es\/index.php?rest_route=\/wp\/v2\/posts\/5993\/revisions"}],"wp:featuredmedia":[{"embeddable":true,"href":"https:\/\/olimpiadasrm.fseneca.es\/index.php?rest_route=\/wp\/v2\/media\/5994"}],"wp:attachment":[{"href":"https:\/\/olimpiadasrm.fseneca.es\/index.php?rest_route=%2Fwp%2Fv2%2Fmedia&parent=5993"}],"wp:term":[{"taxonomy":"category","embeddable":true,"href":"https:\/\/olimpiadasrm.fseneca.es\/index.php?rest_route=%2Fwp%2Fv2%2Fcategories&post=5993"},{"taxonomy":"post_tag","embeddable":true,"href":"https:\/\/olimpiadasrm.fseneca.es\/index.php?rest_route=%2Fwp%2Fv2%2Ftags&post=5993"}],"curies":[{"name":"wp","href":"https:\/\/api.w.org\/{rel}","templated":true}]}}