{"id":5995,"date":"2025-03-24T12:27:30","date_gmt":"2025-03-24T11:27:30","guid":{"rendered":"https:\/\/olimpiadasrm.fseneca.es\/?p=5995"},"modified":"2025-03-24T12:27:30","modified_gmt":"2025-03-24T11:27:30","slug":"el-campus-universitario-de-lorca-acogera-el-proximo-sabado-la-final-de-la-xxxiii-olimpiada-matematica-de-la-region-de-murcia","status":"publish","type":"post","link":"https:\/\/olimpiadasrm.fseneca.es\/?p=5995","title":{"rendered":"El Campus Universitario de Lorca acoger\u00e1 el pr\u00f3ximo s\u00e1bado la final de la XXXIII Olimpiada Matem\u00e1tica de la Regi\u00f3n de Murcia"},"content":{"rendered":"<p>El pr\u00f3ximo s\u00e1bado, 6 de mayo, tendr\u00e1 lugar la fase Regional de la XXXIII Olimpiada matem\u00e1tica de la Regi\u00f3n de Murcia, en la que participar\u00e1n los 40 alumnos seleccionados en la fase comarcal, 20 de 6.\u00ba de Educaci\u00f3n Primaria y 20 de 2.\u00ba de Educaci\u00f3n Secundaria Obligatoria .<\/p>\n","protected":false},"excerpt":{"rendered":"<p>El pr\u00f3ximo s\u00e1bado, 6 de mayo, tendr\u00e1 lugar la fase Regional de la XXXIII Olimpiada matem\u00e1tica de la Regi\u00f3n de Murcia, en la que participar\u00e1n los 40 alumnos seleccionados en la fase comarcal, 20 de 6.\u00ba de Educaci\u00f3n Primaria y 20 de 2.\u00ba de Educaci\u00f3n Secundaria Obligatoria .<\/p>\n","protected":false},"author":1,"featured_media":5996,"comment_status":"open","ping_status":"open","sticky":false,"template":"","format":"standard","meta":{"_acf_changed":false,"footnotes":""},"categories":[4],"tags":[],"acf":[],"aioseo_notices":[],"_links":{"self":[{"href":"https:\/\/olimpiadasrm.fseneca.es\/index.php?rest_route=\/wp\/v2\/posts\/5995"}],"collection":[{"href":"https:\/\/olimpiadasrm.fseneca.es\/index.php?rest_route=\/wp\/v2\/posts"}],"about":[{"href":"https:\/\/olimpiadasrm.fseneca.es\/index.php?rest_route=\/wp\/v2\/types\/post"}],"author":[{"embeddable":true,"href":"https:\/\/olimpiadasrm.fseneca.es\/index.php?rest_route=\/wp\/v2\/users\/1"}],"replies":[{"embeddable":true,"href":"https:\/\/olimpiadasrm.fseneca.es\/index.php?rest_route=%2Fwp%2Fv2%2Fcomments&post=5995"}],"version-history":[{"count":0,"href":"https:\/\/olimpiadasrm.fseneca.es\/index.php?rest_route=\/wp\/v2\/posts\/5995\/revisions"}],"wp:featuredmedia":[{"embeddable":true,"href":"https:\/\/olimpiadasrm.fseneca.es\/index.php?rest_route=\/wp\/v2\/media\/5996"}],"wp:attachment":[{"href":"https:\/\/olimpiadasrm.fseneca.es\/index.php?rest_route=%2Fwp%2Fv2%2Fmedia&parent=5995"}],"wp:term":[{"taxonomy":"category","embeddable":true,"href":"https:\/\/olimpiadasrm.fseneca.es\/index.php?rest_route=%2Fwp%2Fv2%2Fcategories&post=5995"},{"taxonomy":"post_tag","embeddable":true,"href":"https:\/\/olimpiadasrm.fseneca.es\/index.php?rest_route=%2Fwp%2Fv2%2Ftags&post=5995"}],"curies":[{"name":"wp","href":"https:\/\/api.w.org\/{rel}","templated":true}]}}