{"id":6004,"date":"2025-03-24T12:27:31","date_gmt":"2025-03-24T11:27:31","guid":{"rendered":"https:\/\/olimpiadasrm.fseneca.es\/?p=6004"},"modified":"2025-03-24T12:27:31","modified_gmt":"2025-03-24T11:27:31","slug":"inscripciones-hasta-el-2-de-febrero-para-las-olimpiadas-regionales-de-arquitectura-y-agronomos","status":"publish","type":"post","link":"https:\/\/olimpiadasrm.fseneca.es\/?p=6004","title":{"rendered":"Inscripciones hasta el 2 de febrero para las olimpiadas regionales de Arquitectura y Agr\u00f3nomos"},"content":{"rendered":"<p>La Escuela de Arquitectura y Edificaci\u00f3n y la Escuela de Agr\u00f3nomos de la Universidad Polit\u00e9cnica de Cartagena han abierto inscripciones para las olimpiadas regionales que organizan.<\/p>\n","protected":false},"excerpt":{"rendered":"<p>La Escuela de Arquitectura y Edificaci\u00f3n y la Escuela de Agr\u00f3nomos de la Universidad Polit\u00e9cnica de Cartagena han abierto inscripciones para las olimpiadas regionales que organizan.<\/p>\n","protected":false},"author":1,"featured_media":6005,"comment_status":"open","ping_status":"open","sticky":false,"template":"","format":"standard","meta":{"_acf_changed":false,"footnotes":""},"categories":[5],"tags":[],"acf":[],"aioseo_notices":[],"_links":{"self":[{"href":"https:\/\/olimpiadasrm.fseneca.es\/index.php?rest_route=\/wp\/v2\/posts\/6004"}],"collection":[{"href":"https:\/\/olimpiadasrm.fseneca.es\/index.php?rest_route=\/wp\/v2\/posts"}],"about":[{"href":"https:\/\/olimpiadasrm.fseneca.es\/index.php?rest_route=\/wp\/v2\/types\/post"}],"author":[{"embeddable":true,"href":"https:\/\/olimpiadasrm.fseneca.es\/index.php?rest_route=\/wp\/v2\/users\/1"}],"replies":[{"embeddable":true,"href":"https:\/\/olimpiadasrm.fseneca.es\/index.php?rest_route=%2Fwp%2Fv2%2Fcomments&post=6004"}],"version-history":[{"count":0,"href":"https:\/\/olimpiadasrm.fseneca.es\/index.php?rest_route=\/wp\/v2\/posts\/6004\/revisions"}],"wp:featuredmedia":[{"embeddable":true,"href":"https:\/\/olimpiadasrm.fseneca.es\/index.php?rest_route=\/wp\/v2\/media\/6005"}],"wp:attachment":[{"href":"https:\/\/olimpiadasrm.fseneca.es\/index.php?rest_route=%2Fwp%2Fv2%2Fmedia&parent=6004"}],"wp:term":[{"taxonomy":"category","embeddable":true,"href":"https:\/\/olimpiadasrm.fseneca.es\/index.php?rest_route=%2Fwp%2Fv2%2Fcategories&post=6004"},{"taxonomy":"post_tag","embeddable":true,"href":"https:\/\/olimpiadasrm.fseneca.es\/index.php?rest_route=%2Fwp%2Fv2%2Ftags&post=6004"}],"curies":[{"name":"wp","href":"https:\/\/api.w.org\/{rel}","templated":true}]}}